{"provider_url": "https://www.carmodoparanaiba.mg.leg.br", "title": "Perguntas Frequentes", "html": "<p><img src=\"https://www.carmodoparanaiba.mg.leg.br/imagens/faq-logo.png/image_thumb\" alt=\"FAQ\" class=\"image-right\" title=\"Faq Logo\" /></p>\r\n<p style=\"text-align: justify; \"><strong>1 - Quantos Vereadores comp\u00f5em a C\u00e2mara Municipal de Carmo do Parana\u00edba?</strong></p>\r\n<p style=\"text-align: justify; \">A C\u00e2mara Municipal de Carmo do Parana\u00edba \u00e9 composta por 11 (onze) vereadores.</p>\r\n<p style=\"text-align: justify; \">\u00a0</p>\r\n<p style=\"text-align: justify; \"><strong>2 - Quais as principais fun\u00e7\u00f5es do Poder Legislativo?</strong></p>\r\n<p style=\"text-align: justify; \">Legislativa, Fiscalizadora e Administrativa.</p>\r\n<p style=\"text-align: justify; \">A\u00a0<em><b>fun\u00e7\u00e3o legislativa\u00a0</b></em>\u00e9 inegavelmente a mais importante das atribui\u00e7\u00f5es da C\u00e2mara: elaborar leis que sejam, de fato, express\u00f5es da vontade do povo que representa.</p>\r\n<p style=\"text-align: justify; \">\u00a0A\u00a0<em><b>fun\u00e7\u00e3o fiscalizadora\u00a0</b></em>\u00e9 exercida mediante controle externo, nos aspectos cont\u00e1beis, financeiros, or\u00e7ament\u00e1rios, operacionais e patrimoniais, quanto \u00e0 legalidade, legitimidade, economicidade e moralidade, promovida com o aux\u00edlio do Tribunal de Contas do Estado.</p>\r\n<p style=\"text-align: justify; \">A\u00a0<em><b>fun\u00e7\u00e3o administrativa\u00a0</b></em>da C\u00e2mara \u00e9 restrita \u00e0 sua organiza\u00e7\u00e3o interna, ou seja, \u00e0 regulamenta\u00e7\u00e3o de seu funcionamento e \u00e0 estrutura\u00e7\u00e3o e dire\u00e7\u00e3o de seus servi\u00e7os auxiliares.</p>\r\n<p style=\"text-align: justify; \">\u00a0</p>\r\n<p style=\"text-align: justify; \"><strong>3 -</strong> <strong>Quantos anos dura o mandato de um Vereador?</strong></p>\r\n<p style=\"text-align: justify; \">Quatro anos.</p>\r\n<p style=\"text-align: justify; \">\u00a0</p>\r\n<p><strong>4 - Qual a dura\u00e7\u00e3o do mandato do Mesa Diretora da C\u00e2mara Municipal?</strong></p>\r\n<p>O mandato da Mesa \u00e9 de um ano, sendo permitida uma \u00fanica recondu\u00e7\u00e3o para o respectivo cargo na mesma legislatura.</p>\r\n<p style=\"text-align: justify; \">\u00a0</p>\r\n<p style=\"text-align: justify; \"><strong>5 - O que \u00e9 uma Legislatura? E quando ela se inicia?</strong></p>\r\n<p style=\"text-align: justify; \">Legislatura \u00e9 o nome dado ao per\u00edodo de dura\u00e7\u00e3o do mandato do Vereador, ou seja, de quatro anos. A Legislatura se inicia em 1\u00ba de janeiro do ano seguinte ao da elei\u00e7\u00e3o Municipal.</p>\r\n<p style=\"text-align: justify; \">\u00a0</p>\r\n<p style=\"text-align: justify; \"><strong>6 -\u00a0</strong>\u00a0<strong>Quando acontecem as Sess\u00f5es Ordin\u00e1rias da C\u00e2mara?</strong></p>\r\n<p style=\"text-align: justify; \">As Sess\u00f5es Ordin\u00e1rias acontecem quinzenalmente as segundas-feiras do m\u00eas \u00e0s 17 horas, no Plen\u00e1rio da C\u00e2mara Municipal.</p>\r\n<p style=\"text-align: justify; \">\u00a0</p>\r\n<p style=\"text-align: justify; \"><strong>7 - O que s\u00e3o Sess\u00f5es Extraordin\u00e1rias?</strong></p>\r\n<p style=\"text-align: justify; \"><span>As Sess\u00f5es Extraordin\u00e1rias s\u00e3o realizadas por convoca\u00e7\u00e3o do</span>\u00a0Presidente da C\u00e2mara, Prefeito ou pela maioria dos membros da C\u00e2mara, para vota\u00e7\u00e3o de projetos, em caso de urg\u00eancia ou interesse p\u00fablico relevante.</p>\r\n<p style=\"text-align: justify; \">\u00a0</p>\r\n<p style=\"text-align: justify; \"><strong>8 - As Sess\u00f5es da C\u00e2mara s\u00e3o p\u00fablicas?</strong></p>\r\n<p style=\"text-align: justify; \">Sim, s\u00e3o p\u00fablicas e toda a popula\u00e7\u00e3o pode participar.</p>\r\n<p style=\"text-align: justify; \">\u00a0</p>\r\n<p style=\"text-align: justify; \"><strong>9 - Qual \u00e9 o hor\u00e1rio de expediente da C\u00e2mara Municipal e como posso entrar em contato?</strong></p>\r\n<p style=\"text-align: justify; \">O hor\u00e1rio de funcionamento \u00e9 de segunda a quinta-feira, das 12h \u00e0s 18h; e, na sexta-feira, das 12h \u00e0s 17h.</p>\r\n<p style=\"text-align: justify; \">O contato \u00e9 pelos telefones: (34) 3851-2150, (34) 3850-0030 e pelos celulares: (34) 93618-0234\u00a0 e (34) 93618-0240.</p>\r\n<p style=\"text-align: justify; \">Endere\u00e7o: Rua Prefeito Ismael Furtado, 335 - Centro.<br /><br /></p>\r\n<p><strong>10 - O que \u00e9 o Portal da Transpar\u00eancia?</strong></p>\r\n<p>O Portal da Transpar\u00eancia \u00e9 uma ferramenta desenvolvida para permitir que a sociedade acompanhe o uso dos recursos p\u00fablicos.</p>", "author_name": "Interlegis", "version": "1.0", "author_url": "https://www.carmodoparanaiba.mg.leg.br/author/Interlegis", "provider_name": "C\u00e2mara Municipal de Carmo do Parana\u00edba", "type": "rich"}