{"provider_url": "https://www.carmodoparanaiba.mg.leg.br", "title": "Mesa Diretora", "html": "<p><span>A Mesa da C\u00e2mara ser\u00e1 eleita para um mandato de um ano, com possibilidade de uma recondu\u00e7\u00e3o para o mesmo cargo na elei\u00e7\u00e3o subseq\u00fcente, na mesma legislatura. (Reda\u00e7\u00e3o dada pela Resolu\u00e7\u00e3o Legislativa n\u00ba 032, de 05 de setembro de 2011).</span></p>\r\n<p>A elei\u00e7\u00e3o da mesa se dar\u00e1 na \u00faltima reuni\u00e3o ordin\u00e1ria de cada sess\u00e3o legislativa, considerando-se automaticamente empossados os eleitos a partir de primeiro de janeiro de cada ano da legislatura, com exce\u00e7\u00e3o da 1\u00aa (primeira) elei\u00e7\u00e3o da legislatura. (Reda\u00e7\u00e3o dada pela Resolu\u00e7\u00e3o Legislativa n\u00ba 032, de 05 de setembro de 2011).</p>\r\n<p>A Mesa comp\u00f5e-se do Presidente, Vice Presidente e Secret\u00e1rio.<br />As atribui\u00e7\u00f5es da Mesa ser\u00e3o exercidas em conjunto pelo Presidente, pelo Vice Presidente e pelo Secret\u00e1rio; ser\u00e3o consideradas v\u00e1lidas, entretanto, as delibera\u00e7\u00f5es tomadas e os atos praticados pelo presidente e mais um.</p>\r\n<p>As delibera\u00e7\u00f5es da Mesa ser\u00e3o tomadas em reuni\u00f5es previamente convocadas, com anteced\u00eancia m\u00ednima de 24 horas, pelo Presidente ou em conjunto pelo Vice-Presidente e pelo Secret\u00e1rio, devendo uma c\u00f3pia de cada ato de convoca\u00e7\u00e3o ser afixada no quadro pr\u00f3prio para as publica\u00e7\u00f5es dos atos da C\u00e2mara.</p>\r\n<p>O Vereador que n\u00e3o for membro da Mesa poder\u00e1 participar das reuni\u00f5es, sem direito a voto.</p>\r\n<p>As delibera\u00e7\u00f5es da Mesa constar\u00e3o de ata a ser lavrada e assinada no mesmo dia da reuni\u00e3o respectiva, em livro pr\u00f3prio, que permanecer\u00e1 na Secretaria \u00e0 disposi\u00e7\u00e3o dos Vereadores, para consultas ou requisi\u00e7\u00e3o de c\u00f3pias e certid\u00f5es.</p>\r\n<p><strong>MEMBROS (2026)</strong></p>\r\n<hr />\r\n<p><strong><span>- Eduardo Almeida (PODE) - Presidente</span></strong></p>\r\n<p><strong><span><img src=\"https://sapl.carmodoparanaiba.mg.leg.br/media/sapl/public/parlamentar/60/eduardo_almeida_461XtcQ.jpg.128x128_q85_box-0%2C0%2C600%2C600_crop_detail.jpg\" /></span></strong></p>\r\n<p><span>Eduardo Alves de Almeida, nascido em 21 de agosto de 1997, tem 28 anos e \u00e9 vereador pelo Podemos. Estudante de Direito e microempreendedor no ramo audiovisual, \u00e9 volunt\u00e1rio desde os 17 anos, integrando o Lions Club e ministrando aulas gratuitas de Karat\u00ea. Iniciou sua trajet\u00f3ria pol\u00edtica aos 18 anos como ativista do Partido Novo na regi\u00e3o, foi candidato a vereador em 2020 pelo PSDB e foi eleito vereador em 2024 pelo partido PODEMOS.</span></p>\r\n<p>Ao longo de sua atua\u00e7\u00e3o comunit\u00e1ria, j\u00e1 integrou o Conselho Municipal de Esportes, o Conselho Municipal dos Direitos da Crian\u00e7a e do Adolescente \u2014 atrav\u00e9s do qual participou da Comiss\u00e3o de Elei\u00e7\u00e3o do Conselho Tutelar em 2023 \u2014, e o Conselho Municipal do Patrim\u00f4nio Cultural.</p>\r\n<p>Seu mandato tem como foco o fortalecimento da economia local, o incentivo ao esporte e a prote\u00e7\u00e3o animal, promovendo inclus\u00e3o social e qualidade de vida para todos.</p>\r\n<hr />\r\n<p><strong>- Geraldinho das Almas (PSDB) - Vice-Presidente</strong></p>\r\n<p><img src=\"https://sapl.carmodoparanaiba.mg.leg.br/media/sapl/public/parlamentar/61/geraldinho_das_almas_s6xPH0n.jpg.128x128_q85_box-13%2C0%2C584%2C571_crop_detail.jpg\" /></p>\r\n<p data-start=\"0\" data-end=\"301\">Geraldo Magela de Souza, nascido em 1\u00ba de janeiro de 1963, tem 63 anos e \u00e9 vereador de Carmo do Parana\u00edba pelo PSDB. Produtor rural, construiu sua trajet\u00f3ria pessoal e profissional no munic\u00edpio, especialmente na zona rural da regi\u00e3o de Almas, mantendo forte v\u00ednculo com a comunidade local.</p>\r\n<p data-start=\"303\" data-end=\"600\">Foi presidente de Associa\u00e7\u00e3o Comunit\u00e1ria Rural e do Conselho Municipal de Desenvolvimento Rural Sustent\u00e1vel (CMDRS), experi\u00eancias que contribu\u00edram para sua atua\u00e7\u00e3o p\u00fablica. Exerce mandato na Legislatura 2025\u20132028, com foco no di\u00e1logo com a popula\u00e7\u00e3o e na melhoria da qualidade de vida.</p>\r\n<p data-start=\"602\" data-end=\"914\" data-is-last-node=\"\" data-is-only-node=\"\">Em 2025, integrou a Comiss\u00e3o Permanente de Obras P\u00fablicas, Servi\u00e7os P\u00fablicos, Desenvolvimento Econ\u00f4mico, Agropecu\u00e1rio e Meio Ambiente e, na Gest\u00e3o 2026, atua como Vice-Presidente da C\u00e2mara Municipal. Seu mandato \u00e9 pautado pela transpar\u00eancia e pelo desenvolvimento social e econ\u00f4mico do munic\u00edpio.</p>\r\n<hr />\r\n<p><strong>- Paula Lima (PL) - Secret\u00e1ria</strong></p>\r\n<p><strong><strong><img src=\"https://sapl.carmodoparanaiba.mg.leg.br/media/sapl/public/parlamentar/64/paula_lima.jpg.128x128_q85_box-0%2C3%2C593%2C596_crop_detail.jpg\" /></strong></strong></p>\r\n<p>Paula Moreira Lima Rodrigues, nascida em 19 de Novembro de 1988, tem 37 anos e \u00e9 vereadora eleita pelo Partido Liberal (PL), com mandato iniciado em 2025. Formada em Gest\u00e3o do Agroneg\u00f3cio, trabalha a 17 anos na Associa\u00e7\u00e3o dos Cafeicultores de Carmo do Parana\u00edba e Regi\u00e3o (ASSOCAF\u00c9), estando atualmente como superintendente, onde desenvolve um trabalho voltado ao fortalecimento do setor e \u00e0 valoriza\u00e7\u00e3o dos produtores locais.</p>\r\n<p>Em sua atua\u00e7\u00e3o parlamentar, defende pautas ligadas \u00e0 sa\u00fade, \u00e0 educa\u00e7\u00e3o e ao agroneg\u00f3cio, sempre pautada pela coer\u00eancia, sustentabilidade e pelo compromisso com as reais demandas da popula\u00e7\u00e3o, em parceria com o Poder Executivo Municipal.</p>\r\n<p>Tem uma forte atua\u00e7\u00e3o social e comunit\u00e1ria: foi tesoureira da Comunidade Santo Ant\u00f4nio por seis anos, \u00e9 participante ativa do movimento do Encontro de Casais com Cristo (ECC), catequista, integrou o Conselho Municipal do Idoso e faz parte da diretoria da Fanfarra Independente de Carmo do Parana\u00edba (FICA).</p>\r\n<p>Como vereadora, Paula busca unir sua experi\u00eancia no setor agr\u00edcola com o trabalho social e comunit\u00e1rio, atuando com responsabilidade, di\u00e1logo e dedica\u00e7\u00e3o ao desenvolvimento de Carmo do Parana\u00edba.</p>", "author_name": "comunicacao", "version": "1.0", "author_url": "https://www.carmodoparanaiba.mg.leg.br/author/comunicacao", "provider_name": "C\u00e2mara Municipal de Carmo do Parana\u00edba", "type": "rich"}