{"provider_url": "https://www.carmodoparanaiba.mg.leg.br", "title": "Estrutura", "html": "<p>1 Mesa Diretora<br />\u00a0 \u00a0 \u00a0 \u00a0 \u00a01.1 Presid\u00eancia<br />\u00a0 \u00a0 \u00a0 \u00a0 \u00a01.2 Controladoria Interna<br />\u00a0 \u00a0 \u00a0 \u00a0 \u00a01.3 Consultoria Legislativa e Jur\u00eddica<br />\u00a0 \u00a0 \u00a0 \u00a0 \u00a01.4 Secretaria Geral<br />1.4.1 Assessoria Mesa Diretora<br />\u00a0 \u00a0 \u00a0 \u00a0 \u00a0 \u00a0 \u00a0 1.4.2 Diretoria do Legislativo<br />\u00a0 \u00a0 \u00a0 \u00a0 \u00a0 \u00a0 \u00a0 \u00a0 \u00a0 \u00a0 \u00a0 \u00a01.4.2.1 Assessoria Parlamentar<br />\u00a0 \u00a0 \u00a0 \u00a0 \u00a0 \u00a0 \u00a0 1.4.3 Diretoria Administrativa-Financeira<br />\u00a0 \u00a0 \u00a0 \u00a0 \u00a0 \u00a0 \u00a0 \u00a0 \u00a0 \u00a0 \u00a0 \u00a01.4.3.1 Divis\u00e3o Cont\u00e1bil<br />\u00a0 \u00a0 \u00a0 \u00a0 \u00a0 \u00a0 \u00a0 \u00a0 \u00a0 \u00a0 \u00a0 \u00a01.4.3.2 Divis\u00e3o de Compras<br />1.4.3.3 Divis\u00e3o de Licita\u00e7\u00f5es e Contratos<br />\u00a0 \u00a0 \u00a0 \u00a0 \u00a0 \u00a0 \u00a0 \u00a0 \u00a0 \u00a0 \u00a0 \u00a01.4.3.4 Divis\u00e3o de Recep\u00e7\u00e3o<br />\u00a0 \u00a0 \u00a0 \u00a0 \u00a0 \u00a0 \u00a0 \u00a0 \u00a0 \u00a0 \u00a0 \u00a01.4.3.5 Divis\u00e3o de Manuten\u00e7\u00e3o, Conserva\u00e7\u00e3o e Limpeza<br />\u00a0 \u00a0 \u00a0 \u00a0 \u00a0 \u00a0 \u00a0 \u00a0 \u00a0 \u00a0 \u00a0 \u00a01.4.3.6 Divis\u00e3o de Transporte<br />\u00a0 \u00a0 \u00a0 \u00a0 \u00a0 \u00a0 \u00a0 \u00a0 \u00a0 \u00a0 \u00a0 \u00a01.4.3.7 Divis\u00e3o de Recursos Humanos<br />\u00a0 \u00a0 \u00a0 \u00a0 \u00a0 \u00a0 \u00a0 \u00a0 \u00a0 \u00a0 \u00a0 \u00a01.4.3.8 Divis\u00e3o de Planejamento e Tesouraria<br />\u00a0 \u00a0 \u00a0 \u00a0 \u00a0 \u00a0 \u00a0 \u00a0 \u00a0 \u00a0 \u00a0 \u00a01.4.3.9 Divis\u00e3o de Patrim\u00f4nio e Almoxarifado<br />\u00a0 \u00a0 \u00a0 \u00a0 \u00a0 \u00a0 \u00a01.4.4 Diretoria de Comunica\u00e7\u00e3o <br />1.4.4.1 Assessoria de Comunica\u00e7\u00e3o</p>\r\n<p style=\"text-align: justify; \">J\u00e1 o Art. 6\u00ba da mesma Resolu\u00e7\u00e3o Legislativa, disp\u00f5e sobre a estrutura organizacional prevista no artigo 5\u00ba, que fica institucionalizada nos seguintes n\u00edveis hier\u00e1rquicos:</p>\r\n<p style=\"text-align: justify; \">I \u2013 \u00d3rg\u00e3os de n\u00edvel de administra\u00e7\u00e3o e supervis\u00e3o superior: Mesa Diretora e Presid\u00eancia;</p>\r\n<p style=\"text-align: justify; \">II \u2013 \u00d3rg\u00e3os de n\u00edvel de apoio, assist\u00eancia e assessoramento: Assessoria Mesa Diretora, Controladoria Interna e Procuradoria Jur\u00eddica do Legislativo.</p>\r\n<p style=\"text-align: justify; \">III \u2013 \u00d3rg\u00e3o de n\u00edvel de dire\u00e7\u00e3o geral: Secretaria Geral, incluso a Diretoria do Legislativo, Secretaria do Legislativo e a Diretoria Administrativa-Financeira e a Diretoria de Comunica\u00e7\u00e3o; (Reda\u00e7\u00e3o dada pela Resolu\u00e7\u00e3o Legislativa n\u00ba 103 de 23 de mar\u00e7o de 2023).</p>\r\n<p style=\"text-align: justify; \">IV \u2013 \u00d3rg\u00e3os de n\u00edvel de dire\u00e7\u00e3o de \u00e1rea: Diretoria Administrativa e Financeira e Diretoria do Legislativo e Diretoria de Comunica\u00e7\u00e3o; (Reda\u00e7\u00e3o dada pela Resolu\u00e7\u00e3o Legislativa n\u00ba 103 de 23 de mar\u00e7o de 2023).</p>\r\n<p style=\"text-align: justify; \">V \u2013 \u00d3rg\u00e3os de n\u00edvel de chefia da execu\u00e7\u00e3o program\u00e1tica: Assessoria Parlamentar e Assessoria de Comunica\u00e7\u00e3o; Divis\u00e3o Cont\u00e1bil, Divis\u00e3o de Compras, Licita\u00e7\u00f5es e Contratos, Divis\u00e3o de Recep\u00e7\u00e3o, Divis\u00e3o de Manuten\u00e7\u00e3o, Conserva\u00e7\u00e3o e Limpeza; Divis\u00e3o de Transporte, Divis\u00e3o de Recursos Humanos, Divis\u00e3o de Planejamento e Tesouraria e Divis\u00e3o de Patrim\u00f4nio. (Reda\u00e7\u00e3o dada pela Resolu\u00e7\u00e3o Legislativa n\u00ba 103 de 23 de mar\u00e7o de 2023).</p>\r\n<p style=\"text-align: justify; \">\u00a0</p>\r\n<p>\u00a0<b>Fonte:\u00a0</b>Secretaria Geral da C\u00e2mara Municipal de Carmo do Parana\u00edba<span>\u00a0</span></p>", "author_name": "Interlegis", "version": "1.0", "author_url": "https://www.carmodoparanaiba.mg.leg.br/author/Interlegis", "provider_name": "C\u00e2mara Municipal de Carmo do Parana\u00edba", "type": "rich"}