{"provider_url": "https://www.carmodoparanaiba.mg.leg.br", "title": "Hist\u00f3ria de Carmo do Parana\u00edba", "html": "<p style=\"text-align: justify; \">Os primitivos habitantes dessas terras foram os \u00edndios arax\u00e1s e, posteriormente, os bandeirantes, que por l\u00e1 passaram rumo aos garimpos de Abaet\u00e9 e Paracatu. Segundo a tradi\u00e7\u00e3o, Francisco Ant\u00f4nio de Morais e Elias de Deus Vieira ali se estabeleceram, agruparam-se economicamente e fundaram o arraial. Com o tempo, ramificaram-se as fam\u00edlias, aumentando a popula\u00e7\u00e3o, tendo o n\u00facleo primitivo expandido\u00ad-se consideravelmente.</p>\r\n<p style=\"text-align: justify; \">A ocupa\u00e7\u00e3o se deu gra\u00e7as aos influxos da afamada picada de Goi\u00e1s, no desbravamento das matas \u00e0 procura do ouro e, muitas vezes, do \u00edndio, para escraviz\u00e1-lo. Entretanto, a fertilidade das terras foi o principal motivo da ocupa\u00e7\u00e3o e desenvolvimento do atual munic\u00edpio.</p>\r\n<p style=\"text-align: justify; \">O lugarejo era chamado de \u201cArraial Novo\u201d, posteriormente de \u201cCarmo do Arraial Novo\u201d.</p>\r\n<p style=\"text-align: justify; \">O top\u00f4nimo atual \u00e9 homenagem a Nossa Senhora do Carmo e, por estar o munic\u00edpio situado na bacia do rio Parana\u00edba.</p>\r\n<p style=\"text-align: center; \"><strong>Funda\u00e7\u00e3o</strong></p>\r\n<p style=\"text-align: justify; \">Carmo do Parana\u00edba foi oficialmente fundada no dia 25 de dezembro de 1835, quando foi fixado o Cruzeiro no local onde seria constru\u00edda a Matriz de Nossa Senhora do Carmo, e celebrada a primeira missa no \u201cArraial Novo\u201d, como era chamada a cidade na \u00e9poca.</p>\r\n<p style=\"text-align: justify; \">Em 17 de mar\u00e7o de 1879, ocorreu a instala\u00e7\u00e3o da Vila do Carmo do Paranahyba. A lei n\u00ba 3.464, de 04 de outubro de 1887, sancionada no dia 19 do mesmo m\u00eas pelo Governador da Prov\u00edncia, Luiz Eug\u00eanio Horta Barbosa, conferiu-lhe a prerrogativa de cidade, da qual tomou posse no dia 20 de abril de 1889, ap\u00f3s terem sido preenchidas todas as exig\u00eancias legais.</p>\r\n<p style=\"text-align: justify; \">\u00a0Portanto, o dia 04 de outubro foi equivocadamente escolhido como a data de anivers\u00e1rio da cidade, j\u00e1 que sua instala\u00e7\u00e3o ocorreu em 20 de abril de 1889. A nossa Lei Org\u00e2nica oficializou, como comemorativa da cidade, n\u00e3o a data de sua instala\u00e7\u00e3o, mas a da Lei que a possibilitou.</p>\r\n<p style=\"text-align: center; \"><strong>Economia, artesanato e culin\u00e1ria</strong></p>\r\n<p style=\"text-align: justify; \">Desde os prim\u00f3rdios, a principal fonte econ\u00f4mica do Munic\u00edpio se assenta na agricultura e agropecu\u00e1ria, com destaque para a cafeicultura, setor que absorve maior parte da m\u00e3o de obra n\u00e3o qualificada. O caf\u00e9 produzido na cidade hoje \u00e9, em quase totalidade, exportado principalmente para a Europa. Os demais produtos da agricultura local s\u00e3o: milho, arroz, feij\u00e3o, cenoura, tomate e batata.</p>\r\n<p style=\"text-align: justify; \">O artesanato \u00e9 bastante diversificado, fazendo-se presente em diversas \u00e1reas: cer\u00e2mica, metal, couro, tape\u00e7aria, madeira, palha e bambu.</p>\r\n<p style=\"text-align: justify; \">A comida t\u00edpica carmense \u00e9 variada e saborosa, destacando-se os biscoitos, comidas feitas com milho e seus derivados, e doces caseiros.\u00a0</p>\r\n<p style=\"text-align: justify; \">\u00a0</p>\r\n<p style=\"text-align: justify; \"><em>Saiba um pouco mais sobre alguns dos locais hist\u00f3ricos de nossa cidade, clicando nas fotos abaixo:</em></p>\r\n<p>\u00a0</p>\r\n<table class=\"invisible\">\r\n<tbody>\r\n<tr><th><a title=\"\" href=\"https://www.carmodoparanaiba.mg.leg.br/institucional/copy_of_historia/paginas-para-links/forum-e-cadeia\" class=\"internal-link\" target=\"_self\"><img src=\"https://www.carmodoparanaiba.mg.leg.br/institucional/historia/forum/@@images/563db110-1b3b-4552-8748-8d96d4b6412c.jpeg\" alt=\"Foto: Z\u00e9 Guil\u00e9\" class=\"image-inline\" title=\"F\u00f3rum\" /></a></th><th><a title=\"\" href=\"https://www.carmodoparanaiba.mg.leg.br/institucional/copy_of_historia/paginas-para-links/igreja-santa-cruz-do-monte\" class=\"internal-link\" target=\"_self\"><img src=\"https://www.carmodoparanaiba.mg.leg.br/institucional/historia/igreja-santa-cruz-do-monte-1/@@images/bf558e9b-7d76-49c5-8652-36ea527ffcd4.jpeg\" alt=\"Foto: Z\u00e9 Guil\u00e9\" class=\"image-inline\" title=\"Igreja Santa Cruz do Monte\" /></a></th></tr>\r\n<tr>\r\n<td class=\" \">\r\n<p class=\"callout\" style=\"text-align: center; \"><strong><a title=\"\" href=\"https://www.carmodoparanaiba.mg.leg.br/institucional/copy_of_historia/paginas-para-links/forum-e-cadeia\" class=\"internal-link\" target=\"_self\">F\u00f3rum e Cadeia</a></strong></p>\r\n</td>\r\n<td class=\" \">\r\n<p class=\"callout\" style=\"text-align: center; \"><strong><a title=\"\" href=\"https://www.carmodoparanaiba.mg.leg.br/institucional/copy_of_historia/paginas-para-links/igreja-santa-cruz-do-monte\" class=\"internal-link\" target=\"_self\">Capela Santa Cruz do Monte</a></strong></p>\r\n</td>\r\n</tr>\r\n<tr>\r\n<td></td>\r\n<td></td>\r\n</tr>\r\n<tr>\r\n<td><a title=\"\" href=\"https://www.carmodoparanaiba.mg.leg.br/institucional/copy_of_historia/paginas-para-links/matriz-de-nossa-senhora-do-carmo\" class=\"internal-link\" target=\"_self\"><img src=\"https://www.carmodoparanaiba.mg.leg.br/institucional/historia/matriz/@@images/ae26aabf-25a1-47f6-be6f-c7130493fb70.jpeg\" alt=\"Foto: Z\u00e9 Guil\u00e9\" class=\"image-inline\" title=\"Matriz\" /></a></td>\r\n<td><a title=\"\" href=\"https://www.carmodoparanaiba.mg.leg.br/institucional/copy_of_historia/paginas-para-links/igreja-nossa-senhora-do-rosario\" class=\"internal-link\" target=\"_self\"><img src=\"https://www.carmodoparanaiba.mg.leg.br/institucional/historia/rosario/@@images/ea6b606f-5977-4c4a-b40b-dc2f7e07e421.jpeg\" alt=\"Foto: Z\u00e9 Guil\u00e9\" class=\"image-inline\" title=\"Igreja Ros\u00e1rio\" /></a></td>\r\n</tr>\r\n<tr>\r\n<td class=\" \">\r\n<p class=\"callout\" style=\"text-align: center; \"><strong><a title=\"\" href=\"https://www.carmodoparanaiba.mg.leg.br/institucional/copy_of_historia/paginas-para-links/matriz-de-nossa-senhora-do-carmo\" class=\"internal-link\" target=\"_self\">Igreja Nossa Senhora do Carmo</a></strong></p>\r\n</td>\r\n<td class=\" \">\r\n<p class=\"callout\" style=\"text-align: center; \"><strong><a title=\"\" href=\"https://www.carmodoparanaiba.mg.leg.br/institucional/copy_of_historia/paginas-para-links/igreja-nossa-senhora-do-rosario\" class=\"internal-link\" target=\"_self\">Igreja Nossa Senhora do Ros\u00e1rio</a></strong></p>\r\n</td>\r\n</tr>\r\n<tr>\r\n<td></td>\r\n<td></td>\r\n</tr>\r\n<tr>\r\n<td><a title=\"\" href=\"https://www.carmodoparanaiba.mg.leg.br/institucional/copy_of_historia/paginas-para-links/igreja-sao-francisco-de-assis\" class=\"internal-link\" target=\"_self\"><img src=\"https://www.carmodoparanaiba.mg.leg.br/institucional/historia/igreja-sao-francisco-1960\" alt=\"Igreja S\u00e3o Francisco - 1960\" class=\"image-inline\" title=\"Igreja S\u00e3o Francisco - 1960\" /></a></td>\r\n<td><a title=\"\" href=\"https://www.carmodoparanaiba.mg.leg.br/institucional/copy_of_historia/paginas-para-links/grupo-escolar-winston-churchill-1\" class=\"internal-link\" target=\"_self\"><img src=\"https://www.carmodoparanaiba.mg.leg.br/institucional/historia/grupo-escolar-winston-churchill-1\" alt=\"Grupo Escolar Winston Churchill - 1\" class=\"image-inline\" title=\"Grupo Escolar Winston Churchill - 1\" /></a></td>\r\n</tr>\r\n<tr>\r\n<td class=\" \">\r\n<p class=\"callout\" style=\"text-align: center; \"><strong><a title=\"\" href=\"https://www.carmodoparanaiba.mg.leg.br/institucional/copy_of_historia/paginas-para-links/igreja-sao-francisco-de-assis\" class=\"internal-link\" target=\"_self\">Igreja S\u00e3o Francisco de Assis</a></strong></p>\r\n</td>\r\n<td class=\" \">\r\n<p class=\"callout\" style=\"text-align: center; \"><strong><a title=\"\" href=\"https://www.carmodoparanaiba.mg.leg.br/institucional/copy_of_historia/paginas-para-links/grupo-escolar-winston-churchill-1\" class=\"internal-link\" target=\"_self\">Grupo Escolar Winston Churchill</a></strong></p>\r\n<div></div>\r\n</td>\r\n</tr>\r\n</tbody>\r\n</table>\r\n<p style=\"text-align: justify; \"><span class=\"discreet\">Fonte: Livro \"Cem anos de Carmo do Arraial Novo\", de H\u00e9lio Hilton Rezende</span></p>\r\n<p style=\"text-align: justify; \"><span class=\"discreet\">Fotos: Z\u00e9 Guil\u00e9</span></p>", "author_name": "Interlegis", "version": "1.0", "author_url": "https://www.carmodoparanaiba.mg.leg.br/author/Interlegis", "provider_name": "C\u00e2mara Municipal de Carmo do Parana\u00edba", "type": "rich"}