{"provider_url": "https://www.carmodoparanaiba.mg.leg.br", "title": "Acesso", "html": "<p style=\"text-align: center; \"><iframe src=\"https://www.google.com/maps/embed?pb=!1m18!1m12!1m3!1d4062.232626217282!2d-46.3162995!3d-19.001023899999996!2m3!1f0!2f0!3f0!3m2!1i1024!2i768!4f13.1!3m3!1m2!1s0x94ae0f7a8538be55%3A0x7d5ff8bc4a1edee!2sC%C3%A2mara%20Municipal%20de%20Carmo%20do%20Parana%C3%ADba!5e1!3m2!1spt-BR!2sbr!4v1777308271645!5m2!1spt-BR!2sbr\" width=\"340\" height=\"239\" allowfullscreen=\"\" style=\"\"></iframe></p>\r\n<p>Endere\u00e7o: Rua Prefeito Ismael Furtado, 335 - Centro.</p>\r\n<p>Telefones: (34) 3851-2150 e 3850-0030</p>\r\n<p>Hor\u00e1rio de funcionamento: Segunda-feira a quinta-feira de 12:00 \u00e0s 18:00 horas e na sexta-feira de 12:00 \u00e0s 17:00 horas.</p>\r\n<p><strong>Como chegar</strong></p>\r\n<p><strong>Acesso pela BR-354:</strong></p>\r\n<p>1) Seguindo na BR-354, sentido a Belo Horizonte, entrar na rampa de acesso para Carmo do Parana\u00edba;</p>\r\n<p>2) Siga pela Avenida Jo\u00e3o Batista da Silva e vire \u00e0 direita na Avenida Doutor Aristides Ferreira de Melo;</p>\r\n<p>3) Vire \u00e0 esquerda na Rua Ismael Furtado, siga at\u00e9 atravessar a Avenida Frei Gabriel. A C\u00e2mara Municipal de Carmo do Parana\u00edba est\u00e1 localizada logo em frente, do lado esquerdo.</p>\r\n<p><strong>Acesso pela BR-262:</strong></p>\r\n<p>1) Seguindo na BR-262, sentido a Patos de Minas, entrar na rampa de acesso para Carmo do Parana\u00edba;</p>\r\n<p>2) Siga pela Avenida Jo\u00e3o Batista da Silva e vire \u00e0 direita na Avenida Doutor Aristides Ferreira de Melo;</p>\r\n<p>3) Vire \u00e0 esquerda na Rua Ismael Furtado, siga at\u00e9 atravessar a Avenida Frei Gabriel. A C\u00e2mara Municipal de Carmo do Parana\u00edba est\u00e1 localizada logo em frente, do lado esquerdo.</p>\r\n<p><strong>Siga nossas redes sociais</strong></p>\r\n<p><a class=\"external-link\" href=\"https://www.facebook.com/camaramunicipalcp/\" target=\"_self\" title=\"\">Facebook (clique e acesse)</a></p>\r\n<p><a class=\"external-link\" href=\"http://www.instagram.com/camaramunicipalcp/\" target=\"_self\" title=\"\">Instagram (clique e acesse)</a></p>", "author_name": "Interlegis", "version": "1.0", "author_url": "https://www.carmodoparanaiba.mg.leg.br/author/Interlegis", "provider_name": "C\u00e2mara Municipal de Carmo do Parana\u00edba", "type": "rich"}